{"id":6858,"date":"2023-10-06T08:50:30","date_gmt":"2023-10-06T08:50:30","guid":{"rendered":"https:\/\/plazam.ro\/?p=6858"},"modified":"2023-10-06T08:52:10","modified_gmt":"2023-10-06T08:52:10","slug":"intrarea-meli-melo-nr-4-este-temporar-inchisa","status":"publish","type":"post","link":"https:\/\/plazam.ro\/hu\/evenimente\/intrarea-meli-melo-nr-4-este-temporar-inchisa\/","title":{"rendered":"A Meli Melo bej\u00e1rata (4. sz.) ideiglenesen z\u00e1rva van."},"content":{"rendered":"<p>Kedves l\u00e1togat\u00f3ink!<\/p>\n\n\n\n<p>Felh\u00edvjuk figyelm\u00e9t, hogy a 4. bej\u00e1rat (Meli Melo ter\u00fclet) ideiglenesen z\u00e1rva van.<\/p>\n\n\n\n<p>K\u00e9rj\u00fck, haszn\u00e1lja a Media Galaxy \u00e9s az Auchan szomsz\u00e9ds\u00e1g\u00e1ban l\u00e9v\u0151 bej\u00e1ratokat.<\/p>\n\n\n\n<p>K\u00f6sz\u00f6nj\u00fck meg\u00e9rt\u00e9s\u00fcket.<\/p>","protected":false},"excerpt":{"rendered":"<p>Kedves l\u00e1togat\u00f3ink! T\u00e1j\u00e9koztatjuk \u00d6n\u00f6ket, hogy a 4. sz\u00e1m\u00fa bej\u00e1rat (Meli Melo ter\u00fclet) ideiglenesen z\u00e1rva van. K\u00e9rj\u00fck, haszn\u00e1lj\u00e1k a Media Galaxy \u00e9s az Auchan szomsz\u00e9ds\u00e1g\u00e1ban l\u00e9v\u0151 bej\u00e1ratokat. K\u00f6sz\u00f6nj\u00fck meg\u00e9rt\u00e9s\u00fcket.<\/p>","protected":false},"author":1,"featured_media":6859,"comment_status":"closed","ping_status":"closed","sticky":false,"template":"","format":"standard","meta":{"_et_pb_use_builder":"off","_et_pb_old_content":"","_et_gb_content_width":"1080","footnotes":""},"categories":[19],"tags":[],"class_list":["post-6858","post","type-post","status-publish","format-standard","has-post-thumbnail","hentry","category-evenimente"],"_links":{"self":[{"href":"https:\/\/plazam.ro\/hu\/wp-json\/wp\/v2\/posts\/6858","targetHints":{"allow":["GET"]}}],"collection":[{"href":"https:\/\/plazam.ro\/hu\/wp-json\/wp\/v2\/posts"}],"about":[{"href":"https:\/\/plazam.ro\/hu\/wp-json\/wp\/v2\/types\/post"}],"author":[{"embeddable":true,"href":"https:\/\/plazam.ro\/hu\/wp-json\/wp\/v2\/users\/1"}],"replies":[{"embeddable":true,"href":"https:\/\/plazam.ro\/hu\/wp-json\/wp\/v2\/comments?post=6858"}],"version-history":[{"count":2,"href":"https:\/\/plazam.ro\/hu\/wp-json\/wp\/v2\/posts\/6858\/revisions"}],"predecessor-version":[{"id":6862,"href":"https:\/\/plazam.ro\/hu\/wp-json\/wp\/v2\/posts\/6858\/revisions\/6862"}],"wp:featuredmedia":[{"embeddable":true,"href":"https:\/\/plazam.ro\/hu\/wp-json\/wp\/v2\/media\/6859"}],"wp:attachment":[{"href":"https:\/\/plazam.ro\/hu\/wp-json\/wp\/v2\/media?parent=6858"}],"wp:term":[{"taxonomy":"category","embeddable":true,"href":"https:\/\/plazam.ro\/hu\/wp-json\/wp\/v2\/categories?post=6858"},{"taxonomy":"post_tag","embeddable":true,"href":"https:\/\/plazam.ro\/hu\/wp-json\/wp\/v2\/tags?post=6858"}],"curies":[{"name":"wp","href":"https:\/\/api.w.org\/{rel}","templated":true}]}}